{"id":730,"date":"2023-07-10T16:39:05","date_gmt":"2023-07-10T23:39:05","guid":{"rendered":"https:\/\/evvtoltechnation.com\/?p=730"},"modified":"2023-07-10T16:39:05","modified_gmt":"2023-07-10T23:39:05","slug":"nsu-prinz-com-projeto-de-treinamento-da-e-tron-power-para-aprendizes-da-audi-neckarsulm","status":"publish","type":"post","link":"https:\/\/evvtoltechnation.com\/pt\/2023\/07\/10\/nsu-prinz-com-projeto-de-treinamento-da-e-tron-power-para-aprendizes-da-audi-neckarsulm\/","title":{"rendered":"NSU Prinz com o projeto de treinamento e-tron Power para aprendizes na Audi Neckarsulm"},"content":{"rendered":"<ul>\n<li>Para marcar o 150\u00ba anivers\u00e1rio da unidade da Audi em Neckarsulm, doze aprendizes eletrificaram um carro cl\u00e1ssico fabricado em Neckarsulm<\/li>\n<li>Um NSU Prinz 4L constru\u00eddo em 1971 recebeu um trem de for\u00e7a usando componentes do Audi e-tron e do Audi Q7 TFSI e quattro<sup>1<\/sup><\/li>\n<li>Xavier Ros, membro do Conselho de Recursos Humanos da Audi: \"Projetos como este mostram que nossa empresa tem um futuro forte gra\u00e7as aos nossos jovens talentos.\"<\/li>\n<\/ul>\n<p>&nbsp;<\/p>\n<p><strong>Estreia do Dia da Fam\u00edlia: Para marcar o 150\u00ba anivers\u00e1rio da unidade da Audi em Neckarsulm, doze aprendizes da Four Rings eletrificaram um carro cl\u00e1ssico ic\u00f4nico. Em 8 de julho, os estagi\u00e1rios dos cursos de mecatr\u00f4nica automotiva, carroceria e mec\u00e2nica de constru\u00e7\u00e3o de ve\u00edculos e pintura apresentaram orgulhosamente o \"EP4\". O \"E\" significa acionamento el\u00e9trico, e o \"P4\" significa NSU Prinz 4, um modelo produzido em Neckarsulm pela NSU Motorenwerke de 1961 a 1973.<\/strong><\/p>\n<p style=\"text-align: left;\">\"Quer\u00edamos construir um carro que n\u00e3o apenas fosse r\u00e1pido e tivesse um visual bacana, mas que tamb\u00e9m honrasse o 150\u00ba anivers\u00e1rio do local\", diz Dean Scheuffler, aprendiz de mec\u00e2nico automotivo na Audi em Neckarsulm. O ponto de partida perfeito: um NSU Prinz 4 constru\u00eddo em 1971, que havia ficado fora de circula\u00e7\u00e3o por d\u00e9cadas at\u00e9 sua ressurrei\u00e7\u00e3o em janeiro de 2023. Os aprendizes despertaram esse \"pr\u00edncipe\" de seu sono e o equiparam com um novo cora\u00e7\u00e3o de alta tens\u00e3o.<\/p>\n<p style=\"text-align: left;\">Mas foi um longo caminho desde o lan\u00e7amento do projeto em janeiro at\u00e9 a grande revela\u00e7\u00e3o no Dia da Fam\u00edlia. Em v\u00e1rias reuni\u00f5es de equipe, trainees, instrutores e gerentes de projeto trocaram opini\u00f5es sobre o status do projeto, os desafios e as pr\u00f3ximas etapas. A primeira tarefa foi criar uma base s\u00f3lida para a convers\u00e3o. Mizgar Doman Hassan, aprendiz de mec\u00e2nico de carroceria e constru\u00e7\u00e3o de ve\u00edculos, relembra: \"Quando recebemos o carro, sua carroceria tinha v\u00e1rios pontos de ferrugem. Essas \u00e1reas foram a primeira coisa que consertamos.\"<\/p>\n<p style=\"text-align: left;\"><strong>O acionamento: eletrificado e livre de emiss\u00f5es<\/strong><\/p>\n<p style=\"text-align: left;\">Enquanto os especialistas em carroceria e pintura lidavam com o chassi e o revestimento externo do carro cl\u00e1ssico, os futuros mec\u00e2nicos automotivos trabalhavam no trem de for\u00e7a, na bateria e na suspens\u00e3o.<\/p>\n<p style=\"text-align: left;\">A traseira do \"pr\u00edncipe\", onde antes havia um motor a gasolina de dois cilindros com 30 hp (22 kW), agora abriga um motor el\u00e9trico de 240 hp (176 kW). Ele vem de um Audi e-tron 2020 e obt\u00e9m sua energia de uma bateria do h\u00edbrido plug-in Audi Q7 TFSI e quattro<sup>1<\/sup>.<\/p>\n<p style=\"text-align: left;\">A bateria fica sob o cap\u00f4 dianteiro, onde antes ficava o tanque de combust\u00edvel do NSU Prinz. A m\u00e1quina eletrificada respira ar de resfriamento por meio de uma ampla entrada de ar na parte inferior do para-choque, enquanto o calor pode escapar por uma grande abertura no cap\u00f4 dianteiro. A porta traseira tamb\u00e9m melhora o resfriamento e pode ser fixada em uma posi\u00e7\u00e3o semiaberta. Assim, ela revela a usina de energia el\u00e9trica e lembra os carros de corrida hist\u00f3ricos baseados no esportivo NSU Prinz 1000. Enquanto uma fileira de funis de carburador abertos dava pistas aos espectadores sobre as inten\u00e7\u00f5es esportivas desses carros naquela \u00e9poca, o EP4 agora exibe seu motor el\u00e9trico.<\/p>\n<p style=\"text-align: left;\"><strong>O exterior: atl\u00e9tico e hist\u00f3rico<\/strong><\/p>\n<p style=\"text-align: left;\">Para os aprendizes, ficou claro que seu EP4 deveria mostrar com orgulho que come\u00e7ou como um NSU Prinz. Os elementos hist\u00f3ricos, portanto, incluem n\u00e3o apenas os far\u00f3is dianteiros e traseiros. A carroceria da d\u00e9cada de 1970 tamb\u00e9m manteve suas linhas caracter\u00edsticas de ombro e teto. Os aprendizes removeram a ferrugem da chapa met\u00e1lica e a pintaram nas cores Suzuka Grey e Brilliant Black da Audi. Acentos como a inscri\u00e7\u00e3o de anivers\u00e1rio \"150\" foram aplicados na lateral do ve\u00edculo.<\/p>\n<p style=\"text-align: left;\">O grande salto no desempenho exigiu extensas modifica\u00e7\u00f5es no chassi e na carroceria. Uma plataforma modificada de um Audi A1, incluindo freios e eixos, forma a base. Os aprendizes montaram a carroceria extensivamente modificada e significativamente ampliada na parte superior. Os para-lamas musculosos s\u00e3o inconfundivelmente atl\u00e9ticos. Os aprendizes os projetaram com o apoio da Audi Design e os transformaram em realidade usando a impress\u00e3o 3D. As rodas largas s\u00e3o colocadas sob os para-lamas. Gra\u00e7as aos modernos pneus de desempenho, elas proporcionam a ader\u00eancia necess\u00e1ria durante a acelera\u00e7\u00e3o e as curvas esportivas.<\/p>\n<p style=\"text-align: left;\">\"O olho viaja com voc\u00ea! Quer\u00edamos que o desempenho do EP4 fosse vis\u00edvel de todos os \u00e2ngulos\", explica Cynthia Huster, aprendiz de pintor automotivo. A asa traseira, pintada de Signal Yellow, d\u00e1 ao EP4 uma apar\u00eancia particularmente esportiva. A reviravolta: a asa n\u00e3o est\u00e1 presa \u00e0 carroceria, como em outros ve\u00edculos, mas \u00e0 gaiola de prote\u00e7\u00e3o. Seus suportes, portanto, passam pelo vidro traseiro.<\/p>\n<p style=\"text-align: left;\"><strong>O interior: esportivo e minimalista<\/strong><\/p>\n<p style=\"text-align: left;\">A gaiola de prote\u00e7\u00e3o Signal Yellow faz um contraste atraente no interior. Al\u00e9m disso, o interior - t\u00edpico dos carros de corrida - \u00e9 reduzido ao essencial; todas as outras superf\u00edcies pintadas s\u00e3o pretas. Os ocupantes sentam-se em assentos de balde \"Recaro Podium\".<\/p>\n<p style=\"text-align: left;\">Um computador de placa \u00fanica e a tela correspondente servem aos instrumentos e displays. Eles tamb\u00e9m s\u00e3o o veloc\u00edmetro e o computador de bordo do ve\u00edculo e executam tarefas de diagn\u00f3stico.<\/p>\n<p>&nbsp;<\/p>\n<p><img data-recalc-dims=\"1\" fetchpriority=\"high\" decoding=\"async\" data-attachment-id=\"725\" data-permalink=\"https:\/\/evvtoltechnation.com\/pt\/trainee-project-at-audi-neckarsulm-4\/\" data-orig-file=\"https:\/\/i0.wp.com\/evvtoltechnation.com\/wp-content\/uploads\/2023\/07\/NSU-Prinz-With-e-tron-Power-Training-Project-For-Apprentices-At-Audi-Neckarsulm-4-e1689029711703.webp?fit=1200%2C800&amp;quality=80&amp;ssl=1\" data-orig-size=\"1200,800\" data-comments-opened=\"1\" data-image-meta=\"{&quot;aperture&quot;:&quot;2&quot;,&quot;credit&quot;:&quot;&quot;,&quot;camera&quot;:&quot;Canon EOS 5D Mark IV&quot;,&quot;caption&quot;:&quot;To mark the 150th anniversary of the NSU brand, apprentices from Audi Neckarsulm unveil an NSU Prinz they have converted into an electric car.&quot;,&quot;created_timestamp&quot;:&quot;1688727524&quot;,&quot;copyright&quot;:&quot;AUDI AG&quot;,&quot;focal_length&quot;:&quot;50&quot;,&quot;iso&quot;:&quot;800&quot;,&quot;shutter_speed&quot;:&quot;0.008&quot;,&quot;title&quot;:&quot;Trainee project at Audi Neckarsulm&quot;,&quot;orientation&quot;:&quot;0&quot;}\" data-image-title=\"Trainee project at Audi Neckarsulm\" data-image-description=\"\" data-image-caption=\"&lt;p&gt;To mark the 150th anniversary of the NSU brand, apprentices from Audi Neckarsulm unveil an NSU Prinz they have converted into an electric car.&lt;\/p&gt;\" data-large-file=\"https:\/\/i0.wp.com\/evvtoltechnation.com\/wp-content\/uploads\/2023\/07\/NSU-Prinz-With-e-tron-Power-Training-Project-For-Apprentices-At-Audi-Neckarsulm-4-e1689029711703.webp?fit=640%2C427&amp;quality=80&amp;ssl=1\" class=\"wp-image-725 aligncenter\" src=\"https:\/\/i0.wp.com\/evvtoltechnation.com\/wp-content\/uploads\/2023\/07\/NSU-Prinz-With-e-tron-Power-Training-Project-For-Apprentices-At-Audi-Neckarsulm-4-e1689029711703-300x200.jpg?resize=417%2C278&#038;quality=89&#038;ssl=1\" alt=\"\" width=\"417\" height=\"278\" srcset=\"https:\/\/i0.wp.com\/evvtoltechnation.com\/wp-content\/uploads\/2023\/07\/NSU-Prinz-With-e-tron-Power-Training-Project-For-Apprentices-At-Audi-Neckarsulm-4-e1689029711703.webp?resize=300%2C200&amp;quality=80&amp;ssl=1 300w, https:\/\/i0.wp.com\/evvtoltechnation.com\/wp-content\/uploads\/2023\/07\/NSU-Prinz-With-e-tron-Power-Training-Project-For-Apprentices-At-Audi-Neckarsulm-4-e1689029711703.webp?resize=1024%2C683&amp;quality=80&amp;ssl=1 1024w, https:\/\/i0.wp.com\/evvtoltechnation.com\/wp-content\/uploads\/2023\/07\/NSU-Prinz-With-e-tron-Power-Training-Project-For-Apprentices-At-Audi-Neckarsulm-4-e1689029711703.webp?resize=768%2C512&amp;quality=80&amp;ssl=1 768w, https:\/\/i0.wp.com\/evvtoltechnation.com\/wp-content\/uploads\/2023\/07\/NSU-Prinz-With-e-tron-Power-Training-Project-For-Apprentices-At-Audi-Neckarsulm-4-e1689029711703.webp?resize=1536%2C1024&amp;quality=80&amp;ssl=1 1536w, https:\/\/i0.wp.com\/evvtoltechnation.com\/wp-content\/uploads\/2023\/07\/NSU-Prinz-With-e-tron-Power-Training-Project-For-Apprentices-At-Audi-Neckarsulm-4-e1689029711703.webp?resize=2048%2C1366&amp;quality=80&amp;ssl=1 2048w, https:\/\/i0.wp.com\/evvtoltechnation.com\/wp-content\/uploads\/2023\/07\/NSU-Prinz-With-e-tron-Power-Training-Project-For-Apprentices-At-Audi-Neckarsulm-4-e1689029711703.webp?w=1200&amp;quality=80&amp;ssl=1 1200w\" sizes=\"(max-width: 417px) 100vw, 417px\" \/><\/p>\n<h6 style=\"text-align: center;\"><img data-recalc-dims=\"1\" decoding=\"async\" data-attachment-id=\"716\" data-permalink=\"https:\/\/evvtoltechnation.com\/pt\/trainee-project-at-audi-neckarsulm-2\/\" data-orig-file=\"https:\/\/i0.wp.com\/evvtoltechnation.com\/wp-content\/uploads\/2023\/07\/NSU-Prinz-With-e-tron-Power-Training-Project-For-Apprentices-At-Audi-Neckarsulm-e1688998362988.webp?fit=1200%2C800&amp;quality=80&amp;ssl=1\" data-orig-size=\"1200,800\" data-comments-opened=\"1\" data-image-meta=\"{&quot;aperture&quot;:&quot;5.6&quot;,&quot;credit&quot;:&quot;&quot;,&quot;camera&quot;:&quot;Canon EOS 5D Mark IV&quot;,&quot;caption&quot;:&quot;To mark the 150th anniversary of the NSU brand, apprentices from Audi Neckarsulm unveil an NSU Prinz they have converted into an electric car.&quot;,&quot;created_timestamp&quot;:&quot;1688724745&quot;,&quot;copyright&quot;:&quot;AUDI AG&quot;,&quot;focal_length&quot;:&quot;24&quot;,&quot;iso&quot;:&quot;800&quot;,&quot;shutter_speed&quot;:&quot;0.008&quot;,&quot;title&quot;:&quot;Trainee project at Audi Neckarsulm&quot;,&quot;orientation&quot;:&quot;0&quot;}\" data-image-title=\"Trainee project at Audi Neckarsulm\" data-image-description=\"\" data-image-caption=\"&lt;p&gt;To mark the 150th anniversary of the NSU brand, apprentices from Audi Neckarsulm unveil an NSU Prinz they have converted into an electric car.&lt;\/p&gt;\" data-large-file=\"https:\/\/i0.wp.com\/evvtoltechnation.com\/wp-content\/uploads\/2023\/07\/NSU-Prinz-With-e-tron-Power-Training-Project-For-Apprentices-At-Audi-Neckarsulm-e1688998362988.webp?fit=640%2C427&amp;quality=80&amp;ssl=1\" class=\"wp-image-716 aligncenter\" src=\"https:\/\/i0.wp.com\/evvtoltechnation.com\/wp-content\/uploads\/2023\/07\/NSU-Prinz-With-e-tron-Power-Training-Project-For-Apprentices-At-Audi-Neckarsulm-e1688998362988-300x200.jpg?resize=415%2C276&#038;quality=89&#038;ssl=1\" alt=\"\" width=\"415\" height=\"276\" srcset=\"https:\/\/i0.wp.com\/evvtoltechnation.com\/wp-content\/uploads\/2023\/07\/NSU-Prinz-With-e-tron-Power-Training-Project-For-Apprentices-At-Audi-Neckarsulm-e1688998362988.webp?resize=300%2C200&amp;quality=80&amp;ssl=1 300w, https:\/\/i0.wp.com\/evvtoltechnation.com\/wp-content\/uploads\/2023\/07\/NSU-Prinz-With-e-tron-Power-Training-Project-For-Apprentices-At-Audi-Neckarsulm-e1688998362988.webp?resize=1024%2C683&amp;quality=80&amp;ssl=1 1024w, https:\/\/i0.wp.com\/evvtoltechnation.com\/wp-content\/uploads\/2023\/07\/NSU-Prinz-With-e-tron-Power-Training-Project-For-Apprentices-At-Audi-Neckarsulm-e1688998362988.webp?resize=768%2C512&amp;quality=80&amp;ssl=1 768w, https:\/\/i0.wp.com\/evvtoltechnation.com\/wp-content\/uploads\/2023\/07\/NSU-Prinz-With-e-tron-Power-Training-Project-For-Apprentices-At-Audi-Neckarsulm-e1688998362988.webp?resize=1536%2C1024&amp;quality=80&amp;ssl=1 1536w, https:\/\/i0.wp.com\/evvtoltechnation.com\/wp-content\/uploads\/2023\/07\/NSU-Prinz-With-e-tron-Power-Training-Project-For-Apprentices-At-Audi-Neckarsulm-e1688998362988.webp?resize=2048%2C1366&amp;quality=80&amp;ssl=1 2048w, https:\/\/i0.wp.com\/evvtoltechnation.com\/wp-content\/uploads\/2023\/07\/NSU-Prinz-With-e-tron-Power-Training-Project-For-Apprentices-At-Audi-Neckarsulm-e1688998362988.webp?w=1200&amp;quality=80&amp;ssl=1 1200w\" sizes=\"(max-width: 415px) 100vw, 415px\" \/>\u00a0 \u00a0 \u00a0 \u00a0 \u00a0 \u00a0<em>Cr\u00e9dito da imagem: Audi Media<\/em><\/h6>\n<p>&nbsp;<\/p>\n<p><strong><br \/>\nOs talentos trabalham com paix\u00e3o e tecnologia voltada para o futuro<\/strong><\/p>\n<p style=\"text-align: left;\">Em todas as etapas, os trainees colocaram em pr\u00e1tica o conhecimento que adquiriram durante o treinamento. Timo Engler, Chefe de Treinamento de Tecnologia\/Log\u00edstica de Ve\u00edculos, explica: \"O projeto deu aos nossos aprendizes a chance de trabalhar livremente com diferentes t\u00e9cnicas e materiais. Por exemplo, al\u00e9m do acionamento el\u00e9trico, eles usaram a impress\u00e3o 3D, uma segunda tecnologia do futuro. A fibra de carbono - conhecida no automobilismo - tamb\u00e9m foi usada no cap\u00f4 dianteiro.<\/p>\n<p style=\"text-align: left;\">Mas os estagi\u00e1rios n\u00e3o aprenderam muito apenas em termos de habilidade. Engler: \"No caso do EP4, a vis\u00e3o e o prazo eram muito ambiciosos. \u00c9 \u00f3timo ver como os funcion\u00e1rios juniores cresceram com a tarefa e o salto de desenvolvimento que deram como equipe.\"<\/p>\n<p style=\"text-align: left;\">Por \u00faltimo, mas n\u00e3o menos importante, os estagi\u00e1rios puderam obter dicas e suporte valiosos do Desenvolvimento T\u00e9cnico da Audi a qualquer momento. Dessa forma, eles aprenderam automaticamente muito sobre os processos da Audi e conheceram v\u00e1rios especialistas de outras filiais da empresa.<\/p>\n<p style=\"text-align: left;\"><strong>A hist\u00f3ria encontra o futuro<\/strong><\/p>\n<p style=\"text-align: left;\">Seja como s\u00edmbolos do \"Wirtschaftswunder\" alem\u00e3o (Milagre no Reno) ou como carros de corrida que ainda conquistam vit\u00f3rias em subidas de montanha: Os ve\u00edculos da NSU fizeram hist\u00f3ria e continuam a inspirar os entusiastas de autom\u00f3veis at\u00e9 hoje. Com seu charme e trem de for\u00e7a el\u00e9trico, o EP4 desperta a expectativa para os pr\u00f3ximos cap\u00edtulos totalmente el\u00e9tricos da hist\u00f3ria cont\u00ednua da unidade da Audi em Neckarsulm.<\/p>\n<p style=\"text-align: left;\">O membro do Conselho de Recursos Humanos da Audi, Xavier Ros, ficou impressionado com o projeto \u00fanico. \"Com um comprometimento admir\u00e1vel e uma criatividade consider\u00e1vel, nossos aprendizes constru\u00edram um carro incr\u00edvel. Eles podem estar realmente orgulhosos do resultado\", disse Ros. Ele acrescentou: \"Projetos como esse mostram que nossa empresa tem um futuro forte gra\u00e7as aos nossos jovens talentos.\"<\/p>","protected":false},"excerpt":{"rendered":"<p>Para marcar o 150\u00ba anivers\u00e1rio da unidade da Audi em Neckarsulm, doze aprendizes eletrificaram um carro cl\u00e1ssico...<\/p>","protected":false},"author":165558846,"featured_media":711,"comment_status":"open","ping_status":"open","sticky":false,"template":"","format":"standard","meta":{"advanced_seo_description":"","jetpack_seo_html_title":"","jetpack_seo_noindex":false,"jetpack_seo_schema_type":"","_jetpack_newsletter_access":"","_jetpack_dont_email_post_to_subs":false,"_jetpack_newsletter_tier_id":0,"_jetpack_memberships_contains_paywalled_content":false,"_wpcom_ai_launchpad_first_post":false,"_jetpack_feature_clip_id":0,"_jetpack_memberships_contains_paid_content":false,"footnotes":"","jetpack_publicize_message":"{title}\n\n{excerpt}\n\n{url}","jetpack_publicize_feature_enabled":true,"jetpack_social_post_already_shared":true,"jetpack_social_options":{"image_generator_settings":{"template":"highway","default_image_id":0,"font":"","enabled":false},"version":2},"_wpas_customize_per_network":false,"jetpack_post_was_ever_published":false},"categories":[1360,1363],"tags":[],"class_list":["post-730","post","type-post","status-publish","format-standard","has-post-thumbnail","hentry","category-automotive-career-news","category-education"],"jetpack_publicize_connections":[],"featured_image_urls":{"full":["https:\/\/i0.wp.com\/evvtoltechnation.com\/wp-content\/uploads\/2023\/07\/NSU-Prinz-With-e-tron-Power-Training-Project-For-Apprentices-At-Audi-Neckarsulm-1-e1688997455175.webp?fit=1200%2C800&quality=80&ssl=1",1200,800,false],"thumbnail":["https:\/\/i0.wp.com\/evvtoltechnation.com\/wp-content\/uploads\/2023\/07\/NSU-Prinz-With-e-tron-Power-Training-Project-For-Apprentices-At-Audi-Neckarsulm-1-e1688997455175.webp?resize=150%2C150&quality=80&ssl=1",150,150,true],"medium":["https:\/\/i0.wp.com\/evvtoltechnation.com\/wp-content\/uploads\/2023\/07\/NSU-Prinz-With-e-tron-Power-Training-Project-For-Apprentices-At-Audi-Neckarsulm-1-e1688997455175.webp?fit=300%2C200&quality=80&ssl=1",300,200,true],"medium_large":["https:\/\/i0.wp.com\/evvtoltechnation.com\/wp-content\/uploads\/2023\/07\/NSU-Prinz-With-e-tron-Power-Training-Project-For-Apprentices-At-Audi-Neckarsulm-1-e1688997455175.webp?fit=640%2C427&quality=80&ssl=1",640,427,true],"large":["https:\/\/i0.wp.com\/evvtoltechnation.com\/wp-content\/uploads\/2023\/07\/NSU-Prinz-With-e-tron-Power-Training-Project-For-Apprentices-At-Audi-Neckarsulm-1-e1688997455175.webp?fit=640%2C427&quality=80&ssl=1",640,427,true],"1536x1536":["https:\/\/i0.wp.com\/evvtoltechnation.com\/wp-content\/uploads\/2023\/07\/NSU-Prinz-With-e-tron-Power-Training-Project-For-Apprentices-At-Audi-Neckarsulm-1-e1688997455175.webp?fit=1536%2C1024&quality=80&ssl=1",1536,1024,true],"2048x2048":["https:\/\/i0.wp.com\/evvtoltechnation.com\/wp-content\/uploads\/2023\/07\/NSU-Prinz-With-e-tron-Power-Training-Project-For-Apprentices-At-Audi-Neckarsulm-1-e1688997455175.webp?fit=2048%2C1366&quality=80&ssl=1",2048,1366,true],"trp-custom-language-flag":["https:\/\/i0.wp.com\/evvtoltechnation.com\/wp-content\/uploads\/2023\/07\/NSU-Prinz-With-e-tron-Power-Training-Project-For-Apprentices-At-Audi-Neckarsulm-1-e1688997455175.webp?fit=18%2C12&quality=80&ssl=1",18,12,true],"newspack-article-block-landscape-large":["https:\/\/i0.wp.com\/evvtoltechnation.com\/wp-content\/uploads\/2023\/07\/NSU-Prinz-With-e-tron-Power-Training-Project-For-Apprentices-At-Audi-Neckarsulm-1-e1688997455175.webp?resize=1200%2C800&quality=80&ssl=1",1200,900,true],"newspack-article-block-portrait-large":["https:\/\/i0.wp.com\/evvtoltechnation.com\/wp-content\/uploads\/2023\/07\/NSU-Prinz-With-e-tron-Power-Training-Project-For-Apprentices-At-Audi-Neckarsulm-1-e1688997455175.webp?resize=900%2C800&quality=80&ssl=1",900,1200,true],"newspack-article-block-square-large":["https:\/\/i0.wp.com\/evvtoltechnation.com\/wp-content\/uploads\/2023\/07\/NSU-Prinz-With-e-tron-Power-Training-Project-For-Apprentices-At-Audi-Neckarsulm-1-e1688997455175.webp?resize=1200%2C800&quality=80&ssl=1",1200,1200,true],"newspack-article-block-landscape-medium":["https:\/\/i0.wp.com\/evvtoltechnation.com\/wp-content\/uploads\/2023\/07\/NSU-Prinz-With-e-tron-Power-Training-Project-For-Apprentices-At-Audi-Neckarsulm-1-e1688997455175.webp?resize=800%2C600&quality=80&ssl=1",800,600,true],"newspack-article-block-portrait-medium":["https:\/\/i0.wp.com\/evvtoltechnation.com\/wp-content\/uploads\/2023\/07\/NSU-Prinz-With-e-tron-Power-Training-Project-For-Apprentices-At-Audi-Neckarsulm-1-e1688997455175.webp?resize=600%2C800&quality=80&ssl=1",600,800,true],"newspack-article-block-square-medium":["https:\/\/i0.wp.com\/evvtoltechnation.com\/wp-content\/uploads\/2023\/07\/NSU-Prinz-With-e-tron-Power-Training-Project-For-Apprentices-At-Audi-Neckarsulm-1-e1688997455175.webp?resize=800%2C800&quality=80&ssl=1",800,800,true],"newspack-article-block-landscape-intermediate":["https:\/\/i0.wp.com\/evvtoltechnation.com\/wp-content\/uploads\/2023\/07\/NSU-Prinz-With-e-tron-Power-Training-Project-For-Apprentices-At-Audi-Neckarsulm-1-e1688997455175.webp?resize=600%2C450&quality=80&ssl=1",600,450,true],"newspack-article-block-portrait-intermediate":["https:\/\/i0.wp.com\/evvtoltechnation.com\/wp-content\/uploads\/2023\/07\/NSU-Prinz-With-e-tron-Power-Training-Project-For-Apprentices-At-Audi-Neckarsulm-1-e1688997455175.webp?resize=450%2C600&quality=80&ssl=1",450,600,true],"newspack-article-block-square-intermediate":["https:\/\/i0.wp.com\/evvtoltechnation.com\/wp-content\/uploads\/2023\/07\/NSU-Prinz-With-e-tron-Power-Training-Project-For-Apprentices-At-Audi-Neckarsulm-1-e1688997455175.webp?resize=600%2C600&quality=80&ssl=1",600,600,true],"newspack-article-block-landscape-small":["https:\/\/i0.wp.com\/evvtoltechnation.com\/wp-content\/uploads\/2023\/07\/NSU-Prinz-With-e-tron-Power-Training-Project-For-Apprentices-At-Audi-Neckarsulm-1-e1688997455175.webp?resize=400%2C300&quality=80&ssl=1",400,300,true],"newspack-article-block-portrait-small":["https:\/\/i0.wp.com\/evvtoltechnation.com\/wp-content\/uploads\/2023\/07\/NSU-Prinz-With-e-tron-Power-Training-Project-For-Apprentices-At-Audi-Neckarsulm-1-e1688997455175.webp?resize=300%2C400&quality=80&ssl=1",300,400,true],"newspack-article-block-square-small":["https:\/\/i0.wp.com\/evvtoltechnation.com\/wp-content\/uploads\/2023\/07\/NSU-Prinz-With-e-tron-Power-Training-Project-For-Apprentices-At-Audi-Neckarsulm-1-e1688997455175.webp?resize=400%2C400&quality=80&ssl=1",400,400,true],"newspack-article-block-landscape-tiny":["https:\/\/i0.wp.com\/evvtoltechnation.com\/wp-content\/uploads\/2023\/07\/NSU-Prinz-With-e-tron-Power-Training-Project-For-Apprentices-At-Audi-Neckarsulm-1-e1688997455175.webp?resize=200%2C150&quality=80&ssl=1",200,150,true],"newspack-article-block-portrait-tiny":["https:\/\/i0.wp.com\/evvtoltechnation.com\/wp-content\/uploads\/2023\/07\/NSU-Prinz-With-e-tron-Power-Training-Project-For-Apprentices-At-Audi-Neckarsulm-1-e1688997455175.webp?resize=150%2C200&quality=80&ssl=1",150,200,true],"newspack-article-block-square-tiny":["https:\/\/i0.wp.com\/evvtoltechnation.com\/wp-content\/uploads\/2023\/07\/NSU-Prinz-With-e-tron-Power-Training-Project-For-Apprentices-At-Audi-Neckarsulm-1-e1688997455175.webp?resize=200%2C200&quality=80&ssl=1",200,200,true],"newspack-article-block-uncropped":["https:\/\/i0.wp.com\/evvtoltechnation.com\/wp-content\/uploads\/2023\/07\/NSU-Prinz-With-e-tron-Power-Training-Project-For-Apprentices-At-Audi-Neckarsulm-1-e1688997455175.webp?fit=1200%2C800&quality=80&ssl=1",1200,800,true],"enternews-featured":["https:\/\/i0.wp.com\/evvtoltechnation.com\/wp-content\/uploads\/2023\/07\/NSU-Prinz-With-e-tron-Power-Training-Project-For-Apprentices-At-Audi-Neckarsulm-1-e1688997455175.webp?fit=1024%2C683&quality=80&ssl=1",1024,683,true],"enternews-medium":["https:\/\/i0.wp.com\/evvtoltechnation.com\/wp-content\/uploads\/2023\/07\/NSU-Prinz-With-e-tron-Power-Training-Project-For-Apprentices-At-Audi-Neckarsulm-1-e1688997455175.webp?resize=720%2C475&quality=80&ssl=1",720,475,true],"enternews-thumbnail":["https:\/\/i0.wp.com\/evvtoltechnation.com\/wp-content\/uploads\/2023\/07\/NSU-Prinz-With-e-tron-Power-Training-Project-For-Apprentices-At-Audi-Neckarsulm-1-e1688997455175.webp?resize=480%2C315&quality=80&ssl=1",480,315,true]},"author_info":{"display_name":"EVHNews","author_link":"https:\/\/evvtoltechnation.com\/pt\/author\/evhnews\/"},"category_info":"<a href=\"https:\/\/evvtoltechnation.com\/pt\/categoria\/noticias-sobre-carreiras-automotivas\/\" rel=\"category tag\">Automotive Career News<\/a> <a href=\"https:\/\/evvtoltechnation.com\/pt\/categoria\/noticias-sobre-carreiras-automotivas\/educacao\/\" rel=\"category tag\">Automotive Education<\/a>","tag_info":"Automotive Education","comment_count":"0","jetpack_likes_enabled":true,"jetpack_sharing_enabled":true,"jetpack_shortlink":"https:\/\/wp.me\/pep49i-bM","jetpack-related-posts":[],"jetpack_featured_media_url":"https:\/\/i0.wp.com\/evvtoltechnation.com\/wp-content\/uploads\/2023\/07\/NSU-Prinz-With-e-tron-Power-Training-Project-For-Apprentices-At-Audi-Neckarsulm-1-e1688997455175.webp?fit=1200%2C800&quality=80&ssl=1","_links":{"self":[{"href":"https:\/\/evvtoltechnation.com\/pt\/wp-json\/wp\/v2\/posts\/730","targetHints":{"allow":["GET"]}}],"collection":[{"href":"https:\/\/evvtoltechnation.com\/pt\/wp-json\/wp\/v2\/posts"}],"about":[{"href":"https:\/\/evvtoltechnation.com\/pt\/wp-json\/wp\/v2\/types\/post"}],"author":[{"embeddable":true,"href":"https:\/\/evvtoltechnation.com\/pt\/wp-json\/wp\/v2\/users\/165558846"}],"replies":[{"embeddable":true,"href":"https:\/\/evvtoltechnation.com\/pt\/wp-json\/wp\/v2\/comments?post=730"}],"version-history":[{"count":9,"href":"https:\/\/evvtoltechnation.com\/pt\/wp-json\/wp\/v2\/posts\/730\/revisions"}],"predecessor-version":[{"id":739,"href":"https:\/\/evvtoltechnation.com\/pt\/wp-json\/wp\/v2\/posts\/730\/revisions\/739"}],"wp:featuredmedia":[{"embeddable":true,"href":"https:\/\/evvtoltechnation.com\/pt\/wp-json\/wp\/v2\/media\/711"}],"wp:attachment":[{"href":"https:\/\/evvtoltechnation.com\/pt\/wp-json\/wp\/v2\/media?parent=730"}],"wp:term":[{"taxonomy":"category","embeddable":true,"href":"https:\/\/evvtoltechnation.com\/pt\/wp-json\/wp\/v2\/categories?post=730"},{"taxonomy":"post_tag","embeddable":true,"href":"https:\/\/evvtoltechnation.com\/pt\/wp-json\/wp\/v2\/tags?post=730"}],"curies":[{"name":"wp","href":"https:\/\/api.w.org\/{rel}","templated":true}]}}